{"id":6227,"date":"2015-02-13T09:52:16","date_gmt":"2015-02-13T08:52:16","guid":{"rendered":"https:\/\/ktvgroup.no\/en\/?p=6227"},"modified":"2015-02-13T09:52:16","modified_gmt":"2015-02-13T08:52:16","slug":"ktv-group-med-fasadekampanje","status":"publish","type":"post","link":"https:\/\/ktvgroup.no\/eng\/ktv-group-med-fasadekampanje\/","title":{"rendered":"KTV Group med fasadekampanje"},"content":{"rendered":"<p><a href=\"https:\/\/ktvgroup.no\/eng\/wp-content\/uploads\/2015\/02\/fasadevask.jpg\"><img fetchpriority=\"high\" decoding=\"async\" class=\"alignnone size-full wp-image-6229\" src=\"https:\/\/ktvgroup.no\/eng\/wp-content\/uploads\/2015\/02\/fasadevask.jpg\" alt=\"fasadevask\" width=\"746\" height=\"600\" srcset=\"https:\/\/ktvgroup.no\/eng\/wp-content\/uploads\/2015\/02\/fasadevask.jpg 746w, https:\/\/ktvgroup.no\/eng\/wp-content\/uploads\/2015\/02\/fasadevask-300x241.jpg 300w\" sizes=\"(max-width: 746px) 100vw, 746px\" \/><\/a><\/p>\n<p><strong>Etter m\u00e5nedsvis med massiv nedb\u00f8r og omfattende gr\u00f8nske p\u00e5 fasader, lanserer KTV Group kampanje p\u00e5 fasadevask.<\/strong><\/p>\n<p>&#8211; I l\u00f8pet av noen uker kommer de f\u00f8rste tegnene p\u00e5 v\u00e5r. Vi skal sette v\u00e5rstemning med en prisgaranti til alle som \u00f8nsker \u00e5 f\u00e5 rengjort fasadene. Med prisgaranti skal vi v\u00e6re den absolutt rimeligste leverand\u00f8ren, sier administrerende direkt\u00f8r Kennet Nilsen. Han h\u00e5per prisgarantien inspirerer eiere av n\u00e6ringsbygg, sameier og borettslag til \u00e5 ta initiativ til \u00e5 f\u00e5 blankpolerte fasader n\u00e5r v\u00e5rsolen viser seg.<\/p>\n<p>&#8211; Fasaden er selve tanngarden, og mye vind og nedb\u00f8r gir betydelig med gr\u00f8nske p\u00e5 fasadene, som tross alt er f\u00f8rsteinntrykket folk m\u00f8ter, sier Nilsen. KTV Group er den st\u00f8rste leverand\u00f8ren i Hordaland av fasadevask. Stadig flere sameier og borettslag inng\u00e5r langsiktige avtaler for \u00e5 sikre \u00e5rlig vedlikehold av fasadene.<\/p>\n<p>&#8211; Med kampanjen h\u00e5per vi at enda flere for \u00f8ynene opp for v\u00e5re vedlikeholdstjenester, sier Nilsen. Han er opptatt av at KTV Group ikke bare skal v\u00e6re kjent for lavest pris.<\/p>\n<p>&#8211; Vi f\u00e5r hele tiden tilbakemeldinger om at v\u00e5re fagfolk leverer kvalitetsarbeid. Vi bruker i tillegg gr\u00f8nne kjemikalier som \u00f8ker kvaliteten samtidig som milj\u00f8et blir ivaretatt. Dessuten ser man resultatene av arbeidet vi utf\u00f8rer noks\u00e5 umiddelbart, sier den engasjerte bedriftseieren.<\/p>\n<p>Han forsikrer at de som tar kontakt innen kort tid kan vise frem skinnende fasader til 17. mai.<\/p>\n","protected":false},"excerpt":{"rendered":"<p>Etter m\u00e5nedsvis med massiv nedb\u00f8r og omfattende gr\u00f8nske p\u00e5 fasader, lanserer KTV Group kampanje p\u00e5 fasadevask. &#8211; I l\u00f8pet av noen uker kommer de f\u00f8rste tegnene p\u00e5 v\u00e5r. Vi skal sette v\u00e5rstemning med en prisgaranti til alle som \u00f8nsker \u00e5 f\u00e5 rengjort fasadene. Med prisgaranti skal vi v\u00e6re den absolutt rimeligste leverand\u00f8ren, sier administrerende direkt\u00f8r [&hellip;]<\/p>\n","protected":false},"author":1,"featured_media":6229,"comment_status":"closed","ping_status":"closed","sticky":false,"template":"","format":"image","meta":{"_seopress_robots_primary_cat":"","_seopress_titles_title":"","_seopress_titles_desc":"","_seopress_robots_index":"","footnotes":""},"categories":[25],"tags":[26,39,90],"class_list":["post-6227","post","type-post","status-publish","format-image","has-post-thumbnail","hentry","category-eiendom","tag-eiendom","tag-fasadevask","tag-prisgaranti","post_format-post-format-image"],"_links":{"self":[{"href":"https:\/\/ktvgroup.no\/eng\/wp-json\/wp\/v2\/posts\/6227","targetHints":{"allow":["GET"]}}],"collection":[{"href":"https:\/\/ktvgroup.no\/eng\/wp-json\/wp\/v2\/posts"}],"about":[{"href":"https:\/\/ktvgroup.no\/eng\/wp-json\/wp\/v2\/types\/post"}],"author":[{"embeddable":true,"href":"https:\/\/ktvgroup.no\/eng\/wp-json\/wp\/v2\/users\/1"}],"replies":[{"embeddable":true,"href":"https:\/\/ktvgroup.no\/eng\/wp-json\/wp\/v2\/comments?post=6227"}],"version-history":[{"count":0,"href":"https:\/\/ktvgroup.no\/eng\/wp-json\/wp\/v2\/posts\/6227\/revisions"}],"wp:featuredmedia":[{"embeddable":true,"href":"https:\/\/ktvgroup.no\/eng\/wp-json\/wp\/v2\/media\/6229"}],"wp:attachment":[{"href":"https:\/\/ktvgroup.no\/eng\/wp-json\/wp\/v2\/media?parent=6227"}],"wp:term":[{"taxonomy":"category","embeddable":true,"href":"https:\/\/ktvgroup.no\/eng\/wp-json\/wp\/v2\/categories?post=6227"},{"taxonomy":"post_tag","embeddable":true,"href":"https:\/\/ktvgroup.no\/eng\/wp-json\/wp\/v2\/tags?post=6227"}],"curies":[{"name":"wp","href":"https:\/\/api.w.org\/{rel}","templated":true}]}}