{"id":6552,"date":"2015-08-07T08:31:48","date_gmt":"2015-08-07T06:31:48","guid":{"rendered":"https:\/\/ktvgroup.no\/en\/?p=6552"},"modified":"2015-08-07T08:31:48","modified_gmt":"2015-08-07T06:31:48","slug":"nytt-oppdrag-pa-ventilasjons-rengjoring","status":"publish","type":"post","link":"https:\/\/ktvgroup.no\/eng\/nytt-oppdrag-pa-ventilasjons-rengjoring\/","title":{"rendered":"Nytt oppdrag p\u00e5 ventilasjonsrengj\u00f8ring."},"content":{"rendered":"<p><a href=\"https:\/\/ktvgroup.no\/eng\/wp-content\/uploads\/2014\/12\/venti_600-600x540.png\"><img fetchpriority=\"high\" decoding=\"async\" class=\"alignnone size-full wp-image-5926\" src=\"https:\/\/ktvgroup.no\/eng\/wp-content\/uploads\/2014\/12\/venti_600-600x540.png\" alt=\"venti_600-600x540\" width=\"600\" height=\"540\" \/><\/a><\/p>\n<p><strong>KTV Group har f\u00e5tt kontrakten p\u00e5 rengj\u00f8ring av ventilasjonsanlegg i Sameiet Bragesvei i Bergen.<br \/>\n<\/strong>Jobben utf\u00f8res i august 2015. Vi ser at flere og flere blir oppmerksom p\u00e5 at ventilasjonsanlegg har behov for rengj\u00f8ring v\u00e6rt 5 \u00e5r, og vi er glad for \u00e5 ha vunnet dette oppdraget. V\u00e5r erfaring fra gjennomf\u00f8rte jobber er at beboere merker stor forskjell p\u00e5 inneklima etter rengj\u00f8ring.<\/p>\n","protected":false},"excerpt":{"rendered":"<p>KTV Group har f\u00e5tt kontrakten p\u00e5 rengj\u00f8ring av ventilasjonsanlegg i Sameiet Bragesvei i Bergen. Jobben utf\u00f8res i august 2015. Vi ser at flere og flere blir oppmerksom p\u00e5 at ventilasjonsanlegg har behov for rengj\u00f8ring v\u00e6rt 5 \u00e5r, og vi er glad for \u00e5 ha vunnet dette oppdraget. V\u00e5r erfaring fra gjennomf\u00f8rte jobber er at beboere [&hellip;]<\/p>\n","protected":false},"author":1,"featured_media":6091,"comment_status":"closed","ping_status":"closed","sticky":false,"template":"","format":"image","meta":{"_seopress_robots_primary_cat":"","_seopress_titles_title":"","_seopress_titles_desc":"","_seopress_robots_index":"","footnotes":""},"categories":[25],"tags":[49,26,28,30],"class_list":["post-6552","post","type-post","status-publish","format-image","has-post-thumbnail","hentry","category-eiendom","tag-boligsameie","tag-eiendom","tag-inneklima","tag-ventilasjon","post_format-post-format-image"],"_links":{"self":[{"href":"https:\/\/ktvgroup.no\/eng\/wp-json\/wp\/v2\/posts\/6552","targetHints":{"allow":["GET"]}}],"collection":[{"href":"https:\/\/ktvgroup.no\/eng\/wp-json\/wp\/v2\/posts"}],"about":[{"href":"https:\/\/ktvgroup.no\/eng\/wp-json\/wp\/v2\/types\/post"}],"author":[{"embeddable":true,"href":"https:\/\/ktvgroup.no\/eng\/wp-json\/wp\/v2\/users\/1"}],"replies":[{"embeddable":true,"href":"https:\/\/ktvgroup.no\/eng\/wp-json\/wp\/v2\/comments?post=6552"}],"version-history":[{"count":0,"href":"https:\/\/ktvgroup.no\/eng\/wp-json\/wp\/v2\/posts\/6552\/revisions"}],"wp:featuredmedia":[{"embeddable":true,"href":"https:\/\/ktvgroup.no\/eng\/wp-json\/wp\/v2\/media\/6091"}],"wp:attachment":[{"href":"https:\/\/ktvgroup.no\/eng\/wp-json\/wp\/v2\/media?parent=6552"}],"wp:term":[{"taxonomy":"category","embeddable":true,"href":"https:\/\/ktvgroup.no\/eng\/wp-json\/wp\/v2\/categories?post=6552"},{"taxonomy":"post_tag","embeddable":true,"href":"https:\/\/ktvgroup.no\/eng\/wp-json\/wp\/v2\/tags?post=6552"}],"curies":[{"name":"wp","href":"https:\/\/api.w.org\/{rel}","templated":true}]}}