{"id":6675,"date":"2015-09-18T11:04:01","date_gmt":"2015-09-18T09:04:01","guid":{"rendered":"https:\/\/ktvgroup.no\/en\/?p=6675"},"modified":"2015-09-18T11:04:01","modified_gmt":"2015-09-18T09:04:01","slug":"det-varsles-om-en-ekstrem-kald-vinter","status":"publish","type":"post","link":"https:\/\/ktvgroup.no\/eng\/det-varsles-om-en-ekstrem-kald-vinter\/","title":{"rendered":"Det varsles om en ekstrem kald vinter"},"content":{"rendered":"<p><a href=\"https:\/\/ktvgroup.no\/eng\/wp-content\/uploads\/2015\/09\/isuzu_web.jpg\"><img fetchpriority=\"high\" decoding=\"async\" class=\"alignnone size-full wp-image-6676\" src=\"https:\/\/ktvgroup.no\/eng\/wp-content\/uploads\/2015\/09\/isuzu_web.jpg\" alt=\"isuzu_web\" width=\"644\" height=\"518\" srcset=\"https:\/\/ktvgroup.no\/eng\/wp-content\/uploads\/2015\/09\/isuzu_web.jpg 644w, https:\/\/ktvgroup.no\/eng\/wp-content\/uploads\/2015\/09\/isuzu_web-300x241.jpg 300w\" sizes=\"(max-width: 644px) 100vw, 644px\" \/><\/a><\/p>\n<p><strong>Vinteren n\u00e6rmer seg dessverre. Media har i det siste skrevet om faren med lavere temperaturer i havstr\u00f8mmene, og at dette n\u00e5 skal f\u00f8re til en ekstrem vinter.<\/strong><\/p>\n<p>Vi er derfor glad for at vi har skiftet alle v\u00e5re biler over til det som regnes som de mest driftsikre bilene p\u00e5 br\u00f8yting i Norge. I samarbeid med Oddvar Bjelde og Morvik Mekaniske har vi f\u00e5tt levert helt nye biler med topp br\u00f8yteutstyr.<\/p>\n<p>Tidligere har vi brukt nye Volkswagen Amarok levert av M\u00f8ller Bil, men dessverre er ikke disse i n\u00e6rheten av \u00e5 kunne t\u00e5le de p\u00e5kjenningene en br\u00f8ytebil skal kunne klare. Disse bilene har v\u00e6rt utfordrende med store driftsutgifter.<\/p>\n<p>Derfor ble det brukt lang tid p\u00e5 \u00e5 finne og bestemme seg for biltypen vi skiftet over til n\u00e5. De nye bilene er allerede p\u00e5 veien, men br\u00f8yteutstyret monteres i oktober.<\/p>\n<p>KTV Group er alts\u00e5 sterkere enn noen gang p\u00e5 br\u00f8yting, og vi ser frem til den kalde vinteren.<\/p>\n","protected":false},"excerpt":{"rendered":"<p>Vinteren n\u00e6rmer seg dessverre. Media har i det siste skrevet om faren med lavere temperaturer i havstr\u00f8mmene, og at dette n\u00e5 skal f\u00f8re til en ekstrem vinter. Vi er derfor glad for at vi har skiftet alle v\u00e5re biler over til det som regnes som de mest driftsikre bilene p\u00e5 br\u00f8yting i Norge. I samarbeid [&hellip;]<\/p>\n","protected":false},"author":1,"featured_media":6676,"comment_status":"closed","ping_status":"closed","sticky":false,"template":"","format":"image","meta":{"_seopress_robots_primary_cat":"","_seopress_titles_title":"","_seopress_titles_desc":"","_seopress_robots_index":"","footnotes":""},"categories":[25],"tags":[98,26,27],"class_list":["post-6675","post","type-post","status-publish","format-image","has-post-thumbnail","hentry","category-eiendom","tag-broyting","tag-eiendom","tag-vedlikeholdsavtale","post_format-post-format-image"],"_links":{"self":[{"href":"https:\/\/ktvgroup.no\/eng\/wp-json\/wp\/v2\/posts\/6675","targetHints":{"allow":["GET"]}}],"collection":[{"href":"https:\/\/ktvgroup.no\/eng\/wp-json\/wp\/v2\/posts"}],"about":[{"href":"https:\/\/ktvgroup.no\/eng\/wp-json\/wp\/v2\/types\/post"}],"author":[{"embeddable":true,"href":"https:\/\/ktvgroup.no\/eng\/wp-json\/wp\/v2\/users\/1"}],"replies":[{"embeddable":true,"href":"https:\/\/ktvgroup.no\/eng\/wp-json\/wp\/v2\/comments?post=6675"}],"version-history":[{"count":0,"href":"https:\/\/ktvgroup.no\/eng\/wp-json\/wp\/v2\/posts\/6675\/revisions"}],"wp:featuredmedia":[{"embeddable":true,"href":"https:\/\/ktvgroup.no\/eng\/wp-json\/wp\/v2\/media\/6676"}],"wp:attachment":[{"href":"https:\/\/ktvgroup.no\/eng\/wp-json\/wp\/v2\/media?parent=6675"}],"wp:term":[{"taxonomy":"category","embeddable":true,"href":"https:\/\/ktvgroup.no\/eng\/wp-json\/wp\/v2\/categories?post=6675"},{"taxonomy":"post_tag","embeddable":true,"href":"https:\/\/ktvgroup.no\/eng\/wp-json\/wp\/v2\/tags?post=6675"}],"curies":[{"name":"wp","href":"https:\/\/api.w.org\/{rel}","templated":true}]}}