{"id":7220,"date":"2016-05-09T11:03:12","date_gmt":"2016-05-09T09:03:12","guid":{"rendered":"https:\/\/ktvgroup.no\/en\/?p=7220"},"modified":"2016-05-09T11:03:12","modified_gmt":"2016-05-09T09:03:12","slug":"sartor-storsenter-valgte-ktv-group","status":"publish","type":"post","link":"https:\/\/ktvgroup.no\/eng\/sartor-storsenter-valgte-ktv-group\/","title":{"rendered":"Sartor Storsenter valgte KTV Group"},"content":{"rendered":"<p><a href=\"https:\/\/ktvgroup.no\/eng\/wp-content\/uploads\/2016\/05\/sartor640.jpg\" rel=\"attachment wp-att-7221\"><img fetchpriority=\"high\" decoding=\"async\" class=\"alignnone size-full wp-image-7221\" src=\"https:\/\/ktvgroup.no\/eng\/wp-content\/uploads\/2016\/05\/sartor640.jpg\" alt=\"sartor640\" width=\"640\" height=\"518\" srcset=\"https:\/\/ktvgroup.no\/eng\/wp-content\/uploads\/2016\/05\/sartor640.jpg 640w, https:\/\/ktvgroup.no\/eng\/wp-content\/uploads\/2016\/05\/sartor640-300x243.jpg 300w\" sizes=\"(max-width: 640px) 100vw, 640px\" \/><\/a><\/p>\n<p><strong>Vi har tidligere vasket flere fasader for Sartor Storsenter p\u00e5 Straume. Denne gangen er det fasader mot s\u00f8r, samt hele inngangspartiet mot nord som skal vaskes ned.<\/strong><\/p>\n<p>Vi er glad for \u00e5\u00a0f\u00e5 dette oppdraget, og vi gj\u00f8r v\u00e5rt beste for \u00e5 v\u00e6re klar til den store dagen 17. mai.<\/p>\n<p>Denne jobben kommer sammen med mange nye oppdrag for KTV Group denne sesongen. Vi opplever ogs\u00e5 stor interesse for v\u00e5re langsiktige vedlikeholdsavtaler, og har tilbud p\u00e5 over 40 millioner ute til kunder for vurdering i disse dager.<\/p>\n<p>KTV Group sin mange\u00e5rige innsats p\u00e5 utvikling, gj\u00f8r at vi n\u00e5 har over 500 000 m2 eiendom med vedlikeholdsavtaler i Bergen, Oslo og Stavanger.<\/p>\n<p>&nbsp;<\/p>\n","protected":false},"excerpt":{"rendered":"<p>Vi har tidligere vasket flere fasader for Sartor Storsenter p\u00e5 Straume. Denne gangen er det fasader mot s\u00f8r, samt hele inngangspartiet mot nord som skal vaskes ned. Vi er glad for \u00e5\u00a0f\u00e5 dette oppdraget, og vi gj\u00f8r v\u00e5rt beste for \u00e5 v\u00e6re klar til den store dagen 17. mai. Denne jobben kommer sammen med mange [&hellip;]<\/p>\n","protected":false},"author":1,"featured_media":7221,"comment_status":"closed","ping_status":"closed","sticky":false,"template":"","format":"image","meta":{"_seopress_robots_primary_cat":"","_seopress_titles_title":"","_seopress_titles_desc":"","_seopress_robots_index":"","footnotes":""},"categories":[25],"tags":[26,39,41,27],"class_list":["post-7220","post","type-post","status-publish","format-image","has-post-thumbnail","hentry","category-eiendom","tag-eiendom","tag-fasadevask","tag-vedlikehold","tag-vedlikeholdsavtale","post_format-post-format-image"],"_links":{"self":[{"href":"https:\/\/ktvgroup.no\/eng\/wp-json\/wp\/v2\/posts\/7220","targetHints":{"allow":["GET"]}}],"collection":[{"href":"https:\/\/ktvgroup.no\/eng\/wp-json\/wp\/v2\/posts"}],"about":[{"href":"https:\/\/ktvgroup.no\/eng\/wp-json\/wp\/v2\/types\/post"}],"author":[{"embeddable":true,"href":"https:\/\/ktvgroup.no\/eng\/wp-json\/wp\/v2\/users\/1"}],"replies":[{"embeddable":true,"href":"https:\/\/ktvgroup.no\/eng\/wp-json\/wp\/v2\/comments?post=7220"}],"version-history":[{"count":0,"href":"https:\/\/ktvgroup.no\/eng\/wp-json\/wp\/v2\/posts\/7220\/revisions"}],"wp:featuredmedia":[{"embeddable":true,"href":"https:\/\/ktvgroup.no\/eng\/wp-json\/wp\/v2\/media\/7221"}],"wp:attachment":[{"href":"https:\/\/ktvgroup.no\/eng\/wp-json\/wp\/v2\/media?parent=7220"}],"wp:term":[{"taxonomy":"category","embeddable":true,"href":"https:\/\/ktvgroup.no\/eng\/wp-json\/wp\/v2\/categories?post=7220"},{"taxonomy":"post_tag","embeddable":true,"href":"https:\/\/ktvgroup.no\/eng\/wp-json\/wp\/v2\/tags?post=7220"}],"curies":[{"name":"wp","href":"https:\/\/api.w.org\/{rel}","templated":true}]}}